{"id":5171,"date":"2024-02-10T16:14:32","date_gmt":"2024-02-10T15:14:32","guid":{"rendered":"https:\/\/montgeoly.org\/?p=5171"},"modified":"2024-02-10T16:14:32","modified_gmt":"2024-02-10T15:14:32","slug":"les-messes-de-ce-week-end-la-vierge-de-saint-georges-du-vievre","status":"publish","type":"post","link":"https:\/\/montgeoly.org\/?p=5171","title":{"rendered":"Les messes de ce week-end : la Vierge de Saint Georges du Vi\u00e8vre"},"content":{"rendered":"\n<div class=\"wp-block-columns is-layout-flex wp-container-core-columns-is-layout-9d6595d7 wp-block-columns-is-layout-flex\">\n<div class=\"wp-block-column is-layout-flow wp-block-column-is-layout-flow\"><div class=\"wp-block-image\">\n<figure class=\"aligncenter size-large is-resized\"><img loading=\"lazy\" decoding=\"async\" src=\"https:\/\/montgeoly.org\/wp-content\/uploads\/2024\/02\/426934894_702020448780223_842913044703333747_n-819x1024.jpg\" alt=\"\" class=\"wp-image-5172\" width=\"301\" height=\"376\" srcset=\"https:\/\/montgeoly.org\/wp-content\/uploads\/2024\/02\/426934894_702020448780223_842913044703333747_n-819x1024.jpg 819w, https:\/\/montgeoly.org\/wp-content\/uploads\/2024\/02\/426934894_702020448780223_842913044703333747_n-240x300.jpg 240w, https:\/\/montgeoly.org\/wp-content\/uploads\/2024\/02\/426934894_702020448780223_842913044703333747_n-768x960.jpg 768w, https:\/\/montgeoly.org\/wp-content\/uploads\/2024\/02\/426934894_702020448780223_842913044703333747_n-1229x1536.jpg 1229w, https:\/\/montgeoly.org\/wp-content\/uploads\/2024\/02\/426934894_702020448780223_842913044703333747_n.jpg 1440w\" sizes=\"auto, (max-width: 301px) 100vw, 301px\" \/><\/figure><\/div><\/div>\n\n\n\n<div class=\"wp-block-column is-layout-flow wp-block-column-is-layout-flow\"><div class=\"wp-block-image\">\n<figure class=\"aligncenter size-large is-resized\"><img loading=\"lazy\" decoding=\"async\" src=\"https:\/\/montgeoly.org\/wp-content\/uploads\/2024\/02\/426988759_702020482113553_921195258317122141_n-819x1024.jpg\" alt=\"\" class=\"wp-image-5173\" width=\"299\" height=\"373\" srcset=\"https:\/\/montgeoly.org\/wp-content\/uploads\/2024\/02\/426988759_702020482113553_921195258317122141_n-819x1024.jpg 819w, https:\/\/montgeoly.org\/wp-content\/uploads\/2024\/02\/426988759_702020482113553_921195258317122141_n-240x300.jpg 240w, https:\/\/montgeoly.org\/wp-content\/uploads\/2024\/02\/426988759_702020482113553_921195258317122141_n-768x960.jpg 768w, https:\/\/montgeoly.org\/wp-content\/uploads\/2024\/02\/426988759_702020482113553_921195258317122141_n-1229x1536.jpg 1229w, https:\/\/montgeoly.org\/wp-content\/uploads\/2024\/02\/426988759_702020482113553_921195258317122141_n.jpg 1440w\" sizes=\"auto, (max-width: 299px) 100vw, 299px\" \/><\/figure><\/div><\/div>\n<\/div>\n\n\n\n<p class=\"has-text-align-center\"><strong>Le saviez-vous ? Si nous pouvons toujours admirer la belle statue de la Vierge \u00e0 l\u2019enfant dans l\u2019\u00e9glise de Saint Georges du Vi\u00e8vre, c\u2019est gr\u00e2ce \u00e0 un post-scriptum.<\/strong><\/p>\n\n\n\n<p>Eh oui ! Les Archives de l\u2019Eure conservent dans leurs dossiers la deuxi\u00e8me page d\u2019une lettre \u00e9crite en 1938 par l\u2019abb\u00e9 Gabriel Bretocq o\u00f9, sous sa formule de politesse d\u2019adieu au \u00ab cher monsieur \u00bb \u00e0 qui il \u00e9crivait, il ajoute un P.S de presque une page ! <\/p>\n\n\n\n<p><em>\u00ab Mon ami monsieur l&rsquo;abb\u00e9 Chaventr\u00e9, cur\u00e9 de Saint-Georges du Vi\u00e8vre, voudrait, d&rsquo;accord avec son maire, placer dans son \u00e9glise pour la soustraire aux intemp\u00e9ries une belle vierge en pierre (fin 14\u00e8me je crois ) qui se trouve actuellement dans une niche ext\u00e9rieure au-dessus de la porte d&rsquo;entr\u00e9e. Je ne pense pas que cette vierge soit class\u00e9e ! En tout cas elle n\u00e9cessite d&rsquo;\u00eatre sauvegard\u00e9e. \u00bb<\/em><\/p>\n\n\n\n<p>L\u2019abb\u00e9 Louis Chaventr\u00e9 \u00e9tait cur\u00e9 de Saint Georges depuis quatre ans quand il a tir\u00e9 la sonnette d\u2019alarme et pr\u00e9venu son ami l\u2019abb\u00e9 Bretocq. Mais pourquoi cet ami plut\u00f4t qu\u2019un autre ?<\/p>\n\n\n\n<p>Parce qu\u2019\u00e0 l\u2019\u00e9poque l\u2019abb\u00e9 Bretocq n\u2019\u00e9tait pas seulement cur\u00e9 de Rosay sur Lieure, il \u00e9tait aussi photographe, passionn\u00e9 de l\u2019art religieux et inspecteur des Beaux-arts et des Monuments historiques.<\/p>\n\n\n\n<p>Son post-scriptum a eu le r\u00e9sultat d\u00e9sir\u00e9 et la belle statue de la Vierge a pris refuge dans la nef de l\u2019\u00e9glise o\u00f9 vous pouvez l\u2019admirer tous les jours de la semaine mais surtout demain, \u00e0 la messe de onze heures.<\/p>\n\n\n\n<p class=\"has-text-align-center\"><strong>Les messes de ce week-end :<\/strong><\/p>\n\n\n\n<p><strong>Samedi<\/strong><br>18h00 &#8211; St Philbert sur Risle<\/p>\n\n\n\n<p><strong>Dimanche<\/strong><br>09h30 \u2013 Bazoques<br>11h00 \u2013 Saint Georges du Vi\u00e8vre<\/p>\n","protected":false},"excerpt":{"rendered":"<p>Le saviez-vous ? Si nous pouvons toujours admirer la belle statue de la Vierge \u00e0 l\u2019enfant dans l\u2019\u00e9glise de Saint Georges du Vi\u00e8vre, c\u2019est gr\u00e2ce \u00e0 un post-scriptum. Eh oui ! Les Archives de l\u2019Eure conservent dans leurs dossiers la deuxi\u00e8me page d\u2019une lettre \u00e9crite en 1938 par l\u2019abb\u00e9 Gabriel Bretocq o\u00f9, sous sa formule de politesse d\u2019adieu au \u00ab cher monsieur \u00bb \u00e0 qui il \u00e9crivait, il ajoute un P.S de presque une page ! \u00ab Mon ami monsieur l&rsquo;abb\u00e9 Chaventr\u00e9, cur\u00e9 de Saint-Georges du Vi\u00e8vre, voudrait, d&rsquo;accord avec son maire, placer dans son \u00e9glise pour la soustraire aux&#8230; <\/p>\n","protected":false},"author":1,"featured_media":5172,"comment_status":"open","ping_status":"open","sticky":false,"template":"","format":"standard","meta":{"footnotes":""},"categories":[1],"tags":[],"class_list":["post-5171","post","type-post","status-publish","format-standard","has-post-thumbnail","hentry","category-non-classe"],"_links":{"self":[{"href":"https:\/\/montgeoly.org\/index.php?rest_route=\/wp\/v2\/posts\/5171","targetHints":{"allow":["GET"]}}],"collection":[{"href":"https:\/\/montgeoly.org\/index.php?rest_route=\/wp\/v2\/posts"}],"about":[{"href":"https:\/\/montgeoly.org\/index.php?rest_route=\/wp\/v2\/types\/post"}],"author":[{"embeddable":true,"href":"https:\/\/montgeoly.org\/index.php?rest_route=\/wp\/v2\/users\/1"}],"replies":[{"embeddable":true,"href":"https:\/\/montgeoly.org\/index.php?rest_route=%2Fwp%2Fv2%2Fcomments&post=5171"}],"version-history":[{"count":1,"href":"https:\/\/montgeoly.org\/index.php?rest_route=\/wp\/v2\/posts\/5171\/revisions"}],"predecessor-version":[{"id":5174,"href":"https:\/\/montgeoly.org\/index.php?rest_route=\/wp\/v2\/posts\/5171\/revisions\/5174"}],"wp:featuredmedia":[{"embeddable":true,"href":"https:\/\/montgeoly.org\/index.php?rest_route=\/wp\/v2\/media\/5172"}],"wp:attachment":[{"href":"https:\/\/montgeoly.org\/index.php?rest_route=%2Fwp%2Fv2%2Fmedia&parent=5171"}],"wp:term":[{"taxonomy":"category","embeddable":true,"href":"https:\/\/montgeoly.org\/index.php?rest_route=%2Fwp%2Fv2%2Fcategories&post=5171"},{"taxonomy":"post_tag","embeddable":true,"href":"https:\/\/montgeoly.org\/index.php?rest_route=%2Fwp%2Fv2%2Ftags&post=5171"}],"curies":[{"name":"wp","href":"https:\/\/api.w.org\/{rel}","templated":true}]}}