{"id":5687,"date":"2024-09-30T10:21:09","date_gmt":"2024-09-30T08:21:09","guid":{"rendered":"https:\/\/montgeoly.org\/?p=5687"},"modified":"2024-09-30T10:21:25","modified_gmt":"2024-09-30T08:21:25","slug":"dimanche-jour-du-seigneur-saints-archanges-michel-gabriel-et-raphael","status":"publish","type":"post","link":"https:\/\/montgeoly.org\/?p=5687","title":{"rendered":"Dimanche jour du Seigneur : saints archanges Michel, Gabriel et Rapha\u00ebl"},"content":{"rendered":"<div class=\"wp-block-image\">\n<figure class=\"aligncenter size-large is-resized\"><img loading=\"lazy\" decoding=\"async\" src=\"https:\/\/montgeoly.org\/wp-content\/uploads\/2024\/09\/SaintMichel_square-1024x1024.jpg\" alt=\"\" class=\"wp-image-5688\" width=\"319\" height=\"319\" srcset=\"https:\/\/montgeoly.org\/wp-content\/uploads\/2024\/09\/SaintMichel_square-1024x1024.jpg 1024w, https:\/\/montgeoly.org\/wp-content\/uploads\/2024\/09\/SaintMichel_square-300x300.jpg 300w, https:\/\/montgeoly.org\/wp-content\/uploads\/2024\/09\/SaintMichel_square-150x150.jpg 150w, https:\/\/montgeoly.org\/wp-content\/uploads\/2024\/09\/SaintMichel_square-768x768.jpg 768w, https:\/\/montgeoly.org\/wp-content\/uploads\/2024\/09\/SaintMichel_square-1536x1536.jpg 1536w, https:\/\/montgeoly.org\/wp-content\/uploads\/2024\/09\/SaintMichel_square.jpg 2048w\" sizes=\"auto, (max-width: 319px) 100vw, 319px\" \/><\/figure><\/div>\n\n\n<p class=\"has-text-align-center\"><strong>C&rsquo;est dimanche jour du Seigneur et notre sp\u00e9cialiste liturgique est au rendez-vous !<\/strong><\/p>\n\n\n\n<p>Aujourd&rsquo;hui, 29 septembre, l&rsquo;\u00c9glise c\u00e9l\u00e8bre la f\u00eate des saints archanges Michel, Gabriel et Rapha\u00ebl. <\/p>\n\n\n\n<p>Ce n&rsquo;est que depuis la r\u00e9forme liturgique cons\u00e9cutive au concile Vatican II que les 3 archanges sont f\u00eat\u00e9s le m\u00eame jour.<\/p>\n\n\n\n<p>En effet, auparavant, le 29 septembre \u00e9tait seulement d\u00e9di\u00e9 \u00e0 c\u00e9l\u00e9brer l&rsquo;archange Michel. Et comme bien souvent dans la liturgie, cette f\u00eate tire son origine de la d\u00e9dicace d&rsquo;une basilique, en l&rsquo;occurrence la basilique romaine de Saint Michel sur la Via Salaria, f\u00eate tr\u00e8s ancienne mentionn\u00e9e notamment dans le sacramentaire L\u00e9onien du V\u00e8me si\u00e8cle.<\/p>\n\n\n\n<p>Les autres archanges avaient leur propre jour liturgique autrefois : le 24 mars pour Gabriel, et le 24 octobre pour Rapha\u00ebl.<\/p>\n\n\n\n<p>Parce qu&rsquo;ils contemplent Dieu face \u00e0 face et le glorifient, parce qu&rsquo;ils le servent et sont ses messagers, les anges sont v\u00e9n\u00e9r\u00e9s par l&rsquo;\u00c9glise qui invoque leur assistance, et c\u00e9l\u00e8bre leur m\u00e9moire.<\/p>\n\n\n\n<p>Les textes liturgiques eux-m\u00eames font mention des anges : dans le \u00ab\u00a0je confesse \u00e0 Dieu\u00a0\u00bb par exemple, nous supplions leur intercession. Ou bien encore dans le Canon romain (premi\u00e8re pri\u00e8re eucharistique), le pr\u00eatre pr\u00e9sente l&rsquo;offrande du sacrifice eucharistique par ces paroles : \u00ab\u00a0qu&rsquo;elle soit port\u00e9e par les mains de ton saint ange en pr\u00e9sence de ta gloire sur ton autel c\u00e9leste&#8230;\u00a0\u00bb <\/p>\n\n\n\n<p>Oui, les anges nous accompagnent, dans nos liturgies, dans nos d\u00e9votions. Et alors que ce mois de septembre, traditionnellement d\u00e9di\u00e9 aux saints anges, se termine, n&rsquo;oublions pas que nous aurons encore l&rsquo;occasion de les c\u00e9l\u00e9brer par la f\u00eate des anges gardiens, le 2 octobre prochain.<\/p>\n\n\n\n<p>Qu&rsquo;ils veillent sur nous ! <\/p>\n","protected":false},"excerpt":{"rendered":"<p>C&rsquo;est dimanche jour du Seigneur et notre sp\u00e9cialiste liturgique est au rendez-vous ! Aujourd&rsquo;hui, 29 septembre, l&rsquo;\u00c9glise c\u00e9l\u00e8bre la f\u00eate des saints archanges Michel, Gabriel et Rapha\u00ebl. Ce n&rsquo;est que depuis la r\u00e9forme liturgique cons\u00e9cutive au concile Vatican II que les 3 archanges sont f\u00eat\u00e9s le m\u00eame jour. En effet, auparavant, le 29 septembre \u00e9tait seulement d\u00e9di\u00e9 \u00e0 c\u00e9l\u00e9brer l&rsquo;archange Michel. Et comme bien souvent dans la liturgie, cette f\u00eate tire son origine de la d\u00e9dicace d&rsquo;une basilique, en l&rsquo;occurrence la basilique romaine de Saint Michel sur la Via Salaria, f\u00eate tr\u00e8s ancienne mentionn\u00e9e notamment dans le sacramentaire L\u00e9onien du&#8230; <\/p>\n","protected":false},"author":1,"featured_media":5688,"comment_status":"open","ping_status":"open","sticky":false,"template":"","format":"standard","meta":{"footnotes":""},"categories":[1],"tags":[],"class_list":["post-5687","post","type-post","status-publish","format-standard","has-post-thumbnail","hentry","category-non-classe"],"_links":{"self":[{"href":"https:\/\/montgeoly.org\/index.php?rest_route=\/wp\/v2\/posts\/5687","targetHints":{"allow":["GET"]}}],"collection":[{"href":"https:\/\/montgeoly.org\/index.php?rest_route=\/wp\/v2\/posts"}],"about":[{"href":"https:\/\/montgeoly.org\/index.php?rest_route=\/wp\/v2\/types\/post"}],"author":[{"embeddable":true,"href":"https:\/\/montgeoly.org\/index.php?rest_route=\/wp\/v2\/users\/1"}],"replies":[{"embeddable":true,"href":"https:\/\/montgeoly.org\/index.php?rest_route=%2Fwp%2Fv2%2Fcomments&post=5687"}],"version-history":[{"count":2,"href":"https:\/\/montgeoly.org\/index.php?rest_route=\/wp\/v2\/posts\/5687\/revisions"}],"predecessor-version":[{"id":5690,"href":"https:\/\/montgeoly.org\/index.php?rest_route=\/wp\/v2\/posts\/5687\/revisions\/5690"}],"wp:featuredmedia":[{"embeddable":true,"href":"https:\/\/montgeoly.org\/index.php?rest_route=\/wp\/v2\/media\/5688"}],"wp:attachment":[{"href":"https:\/\/montgeoly.org\/index.php?rest_route=%2Fwp%2Fv2%2Fmedia&parent=5687"}],"wp:term":[{"taxonomy":"category","embeddable":true,"href":"https:\/\/montgeoly.org\/index.php?rest_route=%2Fwp%2Fv2%2Fcategories&post=5687"},{"taxonomy":"post_tag","embeddable":true,"href":"https:\/\/montgeoly.org\/index.php?rest_route=%2Fwp%2Fv2%2Ftags&post=5687"}],"curies":[{"name":"wp","href":"https:\/\/api.w.org\/{rel}","templated":true}]}}